{"id":618,"date":"2011-11-18T15:57:00","date_gmt":"2011-11-18T14:57:00","guid":{"rendered":"https:\/\/www.fue-blog.de\/?p=618"},"modified":"2012-09-18T12:00:50","modified_gmt":"2012-09-18T10:00:50","slug":"designing-spatial-solutions-for-future-rd","status":"publish","type":"post","link":"https:\/\/www.fue-blog.de\/?p=618","title":{"rendered":"Designing spatial solutions for future R&#038;D"},"content":{"rendered":"<p><strong>Arbeitspl\u00e4tze k\u00f6nnen Arbeitsabl\u00e4ufe, Kommunikation und die Motivation von Mitarbeitern erheblich beeinflussen, das ist soweit keine besonders neue Erkenntnis. In der Forschung und Entwicklung, in der Mitarbeiter einen wesentlichen Einflu\u00df auf die Produktivit\u00e4t und damit die Qualit\u00e4t, terminliche Abstimmung und die Kosten haben, kann die &#8222;richtige&#8220; Gestaltung des Arbeitsplatzes sowohl die Effizienz als auch die Effektivit\u00e4t steigern und Unternehmen f\u00fcr Mitarbeiter und Au\u00dfenstehende attraktiv machen. Bleibt nur noch die Frage wie das gehen soll&#8230;<\/strong><\/p>\n<p>Wenn es um die Gestaltung des Arbeitsplatzes geht erscheinen immer wieder die gleichen Unternehmen auf der Bildfl\u00e4che die als beispielhaft f\u00fcr eine besonders innovative Gestaltung der Arbeitsumgebung gelten. Eine sch\u00f6ne \u00dcbersicht gibt das Buch &#8222;<a href=\"http:\/\/www.iwishiworkedthere.com\/\" target=\"_blank\">I Wish I Worked There<\/a>&#8220; von <a href=\"http:\/\/www.willknight.com\" target=\"_self\">Will Knight<\/a> und <a href=\"http:\/\/www.iwishiworkedthere.com\/load.php?page=edward\">Edward Denison<\/a>. Neben Google tauchen hier auch Lego, Nike und Virgin auf. F\u00fcr Anregungen und neue Ideen wird hier einiges geboten, die Frage welche Arbeitsumgebungen f\u00fcr welche T\u00e4tigkeiten am besten geeignet sind bleibt jedoch weitgehend offen.<\/p>\n<p>Im Rahmen eines Fraunhofer internen Forschungsprojektes zu diesem Thema haben wir im Herbst 2010 daher einen internationalen Workshop mit Teilnehmern verschiedenster Disziplinen durchgef\u00fchrt. Eine \u00dcbersicht mit Beitr\u00e4gen der Vortragenden ist nun in der Ver\u00f6ffentlichung &#8222;R&amp;D Workspace 2015+&#8220; beschrieben und mit den damals entstandenen Zeichnungen untermalt. Unter anderem werden hier das Innovationzentrum des Unternehmens Freudenberg beschrieben, das Konzept der Future Centers dargestellt und in Frage gestellt ob die Gestaltung von &#8222;Innovationsr\u00e4umen&#8220; \u00fcberhaupt Vorteile bringt:<\/p>\n<div><object id=\"f6f63a4b-42c3-eaf7-9c38-4d2e0084a026\" style=\"width: 500px; height: 360px;\" classid=\"clsid:d27cdb6e-ae6d-11cf-96b8-444553540000\" width=\"100\" height=\"100\" codebase=\"http:\/\/download.macromedia.com\/pub\/shockwave\/cabs\/flash\/swflash.cab#version=6,0,40,0\"><param name=\"allowfullscreen\" value=\"true\" \/><param name=\"menu\" value=\"false\" \/><param name=\"wmode\" value=\"transparent\" \/><param name=\"src\" value=\"http:\/\/static.issuu.com\/webembed\/viewers\/style1\/v2\/IssuuReader.swf?mode=mini&amp;printButtonEnabled=false&amp;backgroundColor=%23222222&amp;documentId=111121143024-47e7a0e4724a4642853c31351c385c07\" \/><param name=\"flashvars\" value=\"mode=mini&amp;printButtonEnabled=false&amp;backgroundColor=%23222222&amp;documentId=111121143024-47e7a0e4724a4642853c31351c385c07\" \/><embed id=\"f6f63a4b-42c3-eaf7-9c38-4d2e0084a026\" style=\"width: 500px; height: 360px;\" type=\"application\/x-shockwave-flash\" width=\"100\" height=\"100\" src=\"http:\/\/static.issuu.com\/webembed\/viewers\/style1\/v2\/IssuuReader.swf?mode=mini&amp;printButtonEnabled=false&amp;backgroundColor=%23222222&amp;documentId=111121143024-47e7a0e4724a4642853c31351c385c07\" flashvars=\"mode=mini&amp;printButtonEnabled=false&amp;backgroundColor=%23222222&amp;documentId=111121143024-47e7a0e4724a4642853c31351c385c07\" wmode=\"transparent\" menu=\"false\" allowfullscreen=\"true\"><\/embed><\/object><\/p>\n<div style=\"width: 500px; text-align: left;\">\n<p>Zum kostenlosen Download ist die Ver\u00f6ffentlichung auf dem Fraunhofer <a href=\"http:\/\/publica.fraunhofer.de\/documents\/N-185636.html\" target=\"_blank\">ePrint-Server<\/a> verf\u00fcgbar.<\/p>\n<p><em>Weitere Informationen:<\/em><\/p>\n<ul>\n<li><a href=\"http:\/\/publica.fraunhofer.de\/documents\/N-185636.html\" target=\"_blank\">Kostenloser pdf-Download der Ver\u00f6ffentlichung &#8222;R&amp;D Workspace 2015+&#8220;<\/a><\/li>\n<\/ul>\n<\/div>\n<div style=\"width: 500px; text-align: right;\"><a href=\"..\/?page_id=20\"><em>Sven Schimpf<\/em><\/a><\/div>\n<\/div>\n","protected":false},"excerpt":{"rendered":"<p>Arbeitspl\u00e4tze k\u00f6nnen Arbeitsabl\u00e4ufe, Kommunikation und die Motivation von Mitarbeitern erheblich beeinflussen, das ist soweit keine besonders neue Erkenntnis. In der Forschung und Entwicklung, in der Mitarbeiter einen wesentlichen Einflu\u00df auf die Produktivit\u00e4t und damit die Qualit\u00e4t, terminliche Abstimmung und die Kosten haben, kann die &#8222;richtige&#8220; Gestaltung des Arbeitsplatzes sowohl die Effizienz als auch die Effektivit\u00e4t &hellip; <\/p>\n<p class=\"link-more\"><a href=\"https:\/\/www.fue-blog.de\/?p=618\" class=\"more-link\"><span class=\"screen-reader-text\">\u201eDesigning spatial solutions for future R&#038;D\u201c <\/span>weiterlesen<\/a><\/p>\n","protected":false},"author":4,"featured_media":0,"comment_status":"open","ping_status":"open","sticky":false,"template":"","format":"standard","meta":{"footnotes":""},"categories":[8,5,54],"tags":[55,11,53],"class_list":["post-618","post","type-post","status-publish","format-standard","hentry","category-organisation","category-personal","category-veroffentlichungen","tag-arbeitsplatzgestaltung","tag-kollaboration","tag-mitarbeiter"],"_links":{"self":[{"href":"https:\/\/www.fue-blog.de\/index.php?rest_route=\/wp\/v2\/posts\/618","targetHints":{"allow":["GET"]}}],"collection":[{"href":"https:\/\/www.fue-blog.de\/index.php?rest_route=\/wp\/v2\/posts"}],"about":[{"href":"https:\/\/www.fue-blog.de\/index.php?rest_route=\/wp\/v2\/types\/post"}],"author":[{"embeddable":true,"href":"https:\/\/www.fue-blog.de\/index.php?rest_route=\/wp\/v2\/users\/4"}],"replies":[{"embeddable":true,"href":"https:\/\/www.fue-blog.de\/index.php?rest_route=%2Fwp%2Fv2%2Fcomments&post=618"}],"version-history":[{"count":8,"href":"https:\/\/www.fue-blog.de\/index.php?rest_route=\/wp\/v2\/posts\/618\/revisions"}],"predecessor-version":[{"id":623,"href":"https:\/\/www.fue-blog.de\/index.php?rest_route=\/wp\/v2\/posts\/618\/revisions\/623"}],"wp:attachment":[{"href":"https:\/\/www.fue-blog.de\/index.php?rest_route=%2Fwp%2Fv2%2Fmedia&parent=618"}],"wp:term":[{"taxonomy":"category","embeddable":true,"href":"https:\/\/www.fue-blog.de\/index.php?rest_route=%2Fwp%2Fv2%2Fcategories&post=618"},{"taxonomy":"post_tag","embeddable":true,"href":"https:\/\/www.fue-blog.de\/index.php?rest_route=%2Fwp%2Fv2%2Ftags&post=618"}],"curies":[{"name":"wp","href":"https:\/\/api.w.org\/{rel}","templated":true}]}}