{"id":740,"date":"2022-09-22T12:35:18","date_gmt":"2022-09-22T10:35:18","guid":{"rendered":"https:\/\/www.fue-blog.de\/?p=740"},"modified":"2024-01-17T09:52:44","modified_gmt":"2024-01-17T08:52:44","slug":"fit-fur-innovation","status":"publish","type":"post","link":"https:\/\/www.fue-blog.de\/?p=740","title":{"rendered":"Fit f\u00fcr Innovation?"},"content":{"rendered":"<p><strong>UPDATE EINES ALTEN BEITRAGES &#8211; \u00dcBER 10 JAHRE ALT, ABER HOCHAKTUELL. DIE ERGEBNISSE WURDEN 2011 VER\u00d6FFENTLICHT:<\/strong><\/p>\n<p><strong>Fitness wird heutzutage gro\u00dfgeschrieben, Aufbau oder Erhalt der pers\u00f6nlichen Leistungsf\u00e4higkeit nimmt einen immer gr\u00f6\u00dfer werdenden Teil unseres Lebens in Anspruch &#8211; nicht zuletzt weil spezialisierte T\u00e4tigkeiten oft mit eher einseitigen Kompetenzen und Belastungen verbunden sind. Das stimmt heute ebenso wie vor 10 Jahren &#8211; und ist damals im Forschungsprojekt Fit f\u00fcr Innovation bearbeitet worden. Profitieren l\u00e4sst sich nach wie vor von den Ergebnissen, die in sechs Brosch\u00fcren ver\u00f6ffentlicht sind. Nicht zu vergessen &#8211; nat\u00fcrlich haben sich die beteiligten Unternehmen seither weiter entwickelt&#8230;<br \/>\n<\/strong><\/p>\n<p>Was auf individueller Ebene von Vorteil ist kann auch Unternehmen nicht schaden. Vor allem nicht f\u00fcr die F\u00e4higkeit innovative Produkte, Dienstleistungen oder Prozesse zu entwickeln und erfolgreich umzusetzen. Mit dieser Thematik setzt sich die vom <a href=\"http:\/\/www.bmbf.de\/\" target=\"_blank\" rel=\"noopener\">BMBF<\/a> und dem <a href=\"http:\/\/www.esf.de\/\" target=\"_blank\" rel=\"noopener\">ESF<\/a> gef\u00f6rderte strategische Partnerschaft &#8222;Fit f\u00fcr Innovation&#8220; auseinander. In Arbeitskreisen aus Unternehmen, Forschungseinrichtungen und Politik sind nun Brosch\u00fcren entstanden, die themenspezifische Zukunftspotenziale, Praxisbeispiele und wegweisende Empfehlungen in den jeweiligen Bereichen darstellen. Dazu geh\u00f6ren die folgenden Brosch\u00fcren, die in Arbeitskreisen jeweils in direktem Austausch mit Unternehmen entstanden sind:<\/p>\n<table>\n<tbody>\n<tr valign=\"top\">\n<td width=\"150\"><a href=\"https:\/\/www.fue-blog.de\/wp-content\/uploads\/Fitf\u00fcrInnovation2011-1-innovationsprozesse-managen.pdf\"><img loading=\"lazy\" decoding=\"async\" class=\"alignright wp-image-1525 size-full\" src=\"https:\/\/www.fue-blog.de\/wp-content\/uploads\/1-innovationsprozesse-managen-2.png\" alt=\"\" width=\"150\" height=\"212\" \/><\/a><\/td>\n<td><strong>1) Innovationsprozesse managen:<br \/>\n<\/strong>Ein Blick auf die Arten und Erfolgsfaktoren von Innovationsprozessen anhand der Praxisbeispiele <a href=\"https:\/\/www.bosch-thermotechnology.com\" target=\"_blank\" rel=\"noopener\">Bosch Thermodynamik GmbH<\/a>, <a href=\"http:\/\/www.festo.de\" target=\"_blank\" rel=\"noopener\">Festo Ag &amp; Co. KG<\/a>, des <a href=\"http:\/\/www.iao.fraunhofer.de\">Fraunhofer IAO<\/a>,\u00a0 <a href=\"https:\/\/www.fst.com\" target=\"_blank\" rel=\"noopener\">Freudenberg Sealing Technologies<\/a>, <a href=\"https:\/\/www.jenoptik.de\/\" target=\"_blank\" rel=\"noopener\">Jenoptik<\/a>, Oc\u00e9 (seit 2020 <a href=\"https:\/\/cpp.canon\/\" target=\"_blank\" rel=\"noopener\">Canon Production Printing<\/a>), der<a href=\"http:\/\/www.testo.com\" target=\"_blank\" rel=\"noopener\"> Testo AG<\/a>, der <a href=\"https:\/\/www.tq-group.com\" target=\"_blank\" rel=\"noopener\">TQ-Group<\/a> und <a href=\"https:\/\/www.gi-de.com\" target=\"_blank\" rel=\"noopener\">Giesecke &amp; Devrient<\/a>.(<em>Download der Brosch\u00fcre: <a href=\"https:\/\/doi.org\/10.24406\/h-295457\" target=\"_blank\" rel=\"noopener\">https:\/\/doi.org\/10.24406\/h-295457<\/a><\/em>)<\/td>\n<\/tr>\n<tr valign=\"top\">\n<td width=\"150\"><a href=\"https:\/\/www.fue-blog.de\/wp-content\/uploads\/Fitf\u00fcrInnovation2011-2-innovationskultur-staerken.pdf\"><img loading=\"lazy\" decoding=\"async\" class=\"alignright wp-image-1527 size-full\" src=\"https:\/\/www.fue-blog.de\/wp-content\/uploads\/2-innovationskultur-staerken.png\" alt=\"\" width=\"150\" height=\"212\" \/><\/a><\/td>\n<td><strong>2) Innovationskultur st\u00e4rken:<\/strong><br \/>\nDarstellung von Beispielen, wie die Innovationskultur gest\u00e4rkt werden kann anhand der Praxisbeispiele der <a href=\"https:\/\/attocube.wittenstein.de\" target=\"_blank\" rel=\"noopener\">Attocube Systems AG<\/a>, des <a href=\"https:\/\/www.ibb.com\/\" target=\"_blank\" rel=\"noopener\">IBB Instituts<\/a>, der <a href=\"http:\/\/www.festo.de\" target=\"_blank\" rel=\"noopener\">Festo AG &amp; Co. KG<\/a>, <a href=\"https:\/\/www.rohnstock-biografien.de\/\" target=\"_blank\" rel=\"noopener\">Rohnstock Biografien<\/a> und der <a href=\"https:\/\/www.wartsila.com\/sam-electronics\" target=\"_blank\" rel=\"noopener\">SAM Electronics GmbH<\/a>. (<em>Download der Brosch\u00fcre: <a href=\"https:\/\/doi.org\/10.24406\/h-295456\" target=\"_blank\" rel=\"noopener\">https:\/\/doi.org\/10.24406\/h-295456<\/a><\/em>)<\/td>\n<\/tr>\n<tr valign=\"top\">\n<td width=\"150\"><a href=\"https:\/\/www.fue-blog.de\/wp-content\/uploads\/Fitf\u00fcrInnovation2011-2-innovationskultur-staerken.pdf\"><img loading=\"lazy\" decoding=\"async\" class=\"alignright wp-image-1530 size-full\" src=\"https:\/\/www.fue-blog.de\/wp-content\/uploads\/3-innovationskompetenz-entwickeln.png\" alt=\"\" width=\"150\" height=\"213\" \/><\/a><\/td>\n<td><strong>3) Innovationskompetenz entwickeln:<\/strong><br \/>\nIdentifikation von Handlungs- und Forschungsbedarf im Themenfeld der Innovationkompetenz mit Hilfe von Praxisbeispielen der <a href=\"https:\/\/www.arbeitsagentur.de\" target=\"_blank\" rel=\"noopener\">Bundesagentur f\u00fcr Arbeit<\/a>, <a href=\"https:\/\/www.thyssenkrupp-steel.com\" target=\"_blank\" rel=\"noopener\">ThyssenKrupp Steel Europe AG<\/a>, <a href=\"https:\/\/www.datev.de\" target=\"_blank\" rel=\"noopener\">Datev eG<\/a>, der <a href=\"https:\/\/www.frankfurt-school.de\" target=\"_blank\" rel=\"noopener\">Frankfurt School of Finance &amp; Management<\/a>, <a href=\"https:\/\/www.fraport.com\" target=\"_blank\" rel=\"noopener\">Fraport AG<\/a>, <a href=\"https:\/\/www.tuvsud.com\" target=\"_blank\" rel=\"noopener\">T\u00dcV S\u00fcd<\/a>, der <a href=\"https:\/\/www.hs-rm.de\" target=\"_blank\" rel=\"noopener\">Hochschule RheinMain in Wiesbaden<\/a>, der <a href=\"https:\/\/rkw-group.com\" target=\"_blank\" rel=\"noopener\">RKW Deutschland GmbH<\/a> und der <a href=\"https:\/\/www.hoefliger.com\/\" target=\"_blank\" rel=\"noopener\">Harro H\u00f6fliger Verpackungsmaschinen GmbH<\/a>. (<em>Download der Brosch\u00fcre<\/em>:<a href=\"https:\/\/doi.org\/10.24406\/h-295455\" target=\"_blank\" rel=\"noopener\"> https:\/\/doi.org\/10.24406\/h-295455<\/a>)<\/td>\n<\/tr>\n<tr valign=\"top\">\n<td width=\"150\"><a href=\"https:\/\/www.fue-blog.de\/wp-content\/uploads\/Fitf\u00fcrInnovation2011-4-innovation-in-netzwerken-aufbauen.pdf\"><img loading=\"lazy\" decoding=\"async\" class=\"alignnone wp-image-1538 size-full\" src=\"https:\/\/www.fue-blog.de\/wp-content\/uploads\/4-innovation-in-netzwerken-aufbauen.png\" alt=\"\" width=\"150\" height=\"213\" \/><\/a><\/td>\n<td><strong>4) Innovation in Netzwerken aufbauen:<\/strong> Untersuchung und Diskussion der Funktions- und Wirkungsmechanismen netzwerkbasierter Innovationsprozesse anhand von Praxisbeispielen der <a href=\"https:\/\/www.tmg-consulting.de\/\" target=\"_blank\" rel=\"noopener\">Technologie Management Gruppe<\/a>, des <a href=\"https:\/\/www.borderstep.de\/\" target=\"_blank\" rel=\"noopener\">Borderstep Instituts<\/a>, der <a href=\"https:\/\/www.aif.de\/\" target=\"_blank\" rel=\"noopener\">AiF<\/a>, der <a href=\"http:\/\/www.sensorik-bayern.de\" target=\"_blank\" rel=\"noopener\">strategischen Partnerschaft Sensorik e.V.<\/a>, von <a href=\"http:\/\/www.osram.de\" target=\"_blank\" rel=\"noopener\">Osram<\/a>, des <a href=\"http:\/\/ww.dlr.de\" target=\"_blank\" rel=\"noopener\">deutschen Zentrums f\u00fcr Luft- und Raumfahrt<\/a>, Siemens IT Solutions and Services (heute <a href=\"http:\/\/atos.net\" target=\"_blank\" rel=\"noopener\">Atos SE<\/a>), der <a href=\"https:\/\/www.atb-chemnitz.de\/\" target=\"_blank\" rel=\"noopener\">ATB Arbeit, Technik und Bildung GmbH<\/a>, der <a href=\"https:\/\/www.biologis.de\" target=\"_blank\" rel=\"noopener\">bio.logis GbmH<\/a> und von <a href=\"https:\/\/www.facebook.com\/futurebizz.de\/\" target=\"_blank\" rel=\"noopener\">future_bizz<\/a>. (<em>Download der Brosch\u00fcre: <a href=\"https:\/\/doi.org\/10.24406\/h-295453\" target=\"_blank\" rel=\"noopener\">https:\/\/doi.org\/10.24406\/h-295453<\/a><\/em>)<\/td>\n<\/tr>\n<tr valign=\"top\">\n<td width=\"150\"><a href=\"https:\/\/www.fue-blog.de\/wp-content\/uploads\/Fitf\u00fcrInnovation2011-5-innovationsarbeit-gestalten.pdf\"><img loading=\"lazy\" decoding=\"async\" class=\"alignnone wp-image-1545 size-full\" src=\"https:\/\/www.fue-blog.de\/wp-content\/uploads\/5-innovationsarbeit-gestalten.png\" alt=\"\" width=\"150\" height=\"212\" \/><\/a><\/td>\n<td><strong>5) Innovationsarbeit gestalten<\/strong><br \/>\nIn diesem Arbeitkreis wurden moderne und flexible Arbeitsinfrastrukuren mit technischen Werzeugen und Methoden untersucht und diskutiert. Als Praxispartner waren die Bibliographisches Institut GmbH, <a href=\"https:\/\/www.sergroup.com\" target=\"_blank\" rel=\"noopener\">SER Gruppe<\/a>, <a href=\"https:\/\/www.haufe.de\/\" target=\"_blank\" rel=\"noopener\">Haufe Lexware GmbH<\/a>, <a href=\"https:\/\/www.ergosign.de\" target=\"_blank\" rel=\"noopener\">Ergosign Gmbh<\/a>, <a href=\"http:\/\/www.fst.com\" target=\"_blank\" rel=\"noopener\">Freudenberg Dichtungs- und Schwingungstechnik<\/a>, <a href=\"http:\/\/www.communardo.com\" target=\"_blank\" rel=\"noopener\">Communardo GmbH<\/a>, <a href=\"https:\/\/www.meisterlabs.com\" target=\"_blank\" rel=\"noopener\">Meisterlabs GmbH<\/a>, <a href=\"https:\/\/www.sap.com\" target=\"_blank\" rel=\"noopener\">SAP SE<\/a>, <a href=\"https:\/\/intland.com\/\" target=\"_blank\" rel=\"noopener\">Intland Software<\/a> und <a href=\"http:\/\/www.festo.de\" target=\"_blank\" rel=\"noopener\">Festo AG &amp; Co. KG<\/a> dabei. (<em>Download der Brosch\u00fcre: <a href=\"https:\/\/doi.org\/10.24406\/h-295454\" target=\"_blank\" rel=\"noopener\">https:\/\/doi.org\/10.24406\/h-295454<\/a><\/em>)<\/td>\n<\/tr>\n<tr valign=\"top\">\n<td width=\"150\"><a href=\"https:\/\/www.fue-blog.de\/wp-content\/uploads\/Fitf\u00fcrInnovation2011-6-gesundheit-als-treiber-von-innovation.pdf\"><img loading=\"lazy\" decoding=\"async\" class=\"alignnone wp-image-1549 size-full\" src=\"https:\/\/www.fue-blog.de\/wp-content\/uploads\/6-gesundheit-als-treiber-von-innovation.png\" alt=\"\" width=\"150\" height=\"212\" \/><\/a><\/td>\n<td><strong>6) Gesundheit als Treiber f\u00fcr Innovation:<\/strong> In diesem Arbeitskreis standen Mitarbeiter als Kompetenztr\u00e4ger f\u00fcr Innovation im Mittelpunkt der Untersuchung und Diskussion. Dabei waren als Praxispartner die <a href=\"http:\/\/www.cbt-gmbh.de\" target=\"_blank\" rel=\"noopener\">K\u00f6lner CBT der Caritas<\/a>, die <a href=\"http:\/\/www.appolonius.de\" target=\"_blank\" rel=\"noopener\">Core Business Development GmbH<\/a>, <a href=\"http:\/\/www.weleda.de\" target=\"_blank\" rel=\"noopener\">Weleda AG<\/a>, <a href=\"http:\/\/www.volkswagen.de\" target=\"_blank\" rel=\"noopener\">Volkswagen AG<\/a>, <a href=\"http:\/\/www.wurst-stahlbau.de\" target=\"_blank\" rel=\"noopener\">Wurst Stahlbau GmbH<\/a>, <a href=\"http:\/\/www.tk.de\" target=\"_blank\" rel=\"noopener\">Techniker Krankenkasse<\/a>, <a href=\"http:\/\/www.otto.de\" target=\"_blank\" rel=\"noopener\">Otto<\/a>, <a href=\"http:\/\/www.henkel.de\" target=\"_blank\" rel=\"noopener\">Henkel<\/a>, <a href=\"http:\/\/www.metabo.de\" target=\"_blank\" rel=\"noopener\">Metabo GmbH<\/a> und <a href=\"http:\/\/www.unilever.de\" target=\"_blank\" rel=\"noopener\">Unilever<\/a>. (<em>Download der Brosch\u00fcre<\/em>: <a href=\"https:\/\/doi.org\/10.24406\/h-295452\" target=\"_blank\" rel=\"noopener\">https:\/\/doi.org\/10.24406\/h-295452<\/a>)<\/td>\n<\/tr>\n<\/tbody>\n<\/table>\n<p>Ein Blick in die Brosch\u00fcren lohnt sich f\u00fcr alle, die sich mit dem Thema Innovationsmanagement besch\u00e4ftigen oder dies in der Zukunft vorhaben. Innovationsprozesse sind nat\u00fcrlich in den letzten 10 Jahren flexibler und agiler geworden &#8211; die Grunds\u00e4tze und Erfolgsfaktoren sind jedoch \u00e4hnlich geblieben.<\/p>\n<p style=\"text-align: right;\"><em><a href=\"https:\/\/www.fue-blog.de\/?page_id=20\"><em>Sven Schimpf<\/em><\/a><\/em><\/p>\n","protected":false},"excerpt":{"rendered":"<p>UPDATE EINES ALTEN BEITRAGES &#8211; \u00dcBER 10 JAHRE ALT, ABER HOCHAKTUELL. DIE ERGEBNISSE WURDEN 2011 VER\u00d6FFENTLICHT: Fitness wird heutzutage gro\u00dfgeschrieben, Aufbau oder Erhalt der pers\u00f6nlichen Leistungsf\u00e4higkeit nimmt einen immer gr\u00f6\u00dfer werdenden Teil unseres Lebens in Anspruch &#8211; nicht zuletzt weil spezialisierte T\u00e4tigkeiten oft mit eher einseitigen Kompetenzen und Belastungen verbunden sind. Das stimmt heute ebenso &hellip; <\/p>\n<p class=\"link-more\"><a href=\"https:\/\/www.fue-blog.de\/?p=740\" class=\"more-link\"><span class=\"screen-reader-text\">\u201eFit f\u00fcr Innovation?\u201c <\/span>weiterlesen<\/a><\/p>\n","protected":false},"author":4,"featured_media":0,"comment_status":"open","ping_status":"open","sticky":false,"template":"","format":"standard","meta":{"footnotes":""},"categories":[8,5,4,3,54],"tags":[19,27],"class_list":["post-740","post","type-post","status-publish","format-standard","hentry","category-organisation","category-personal","category-prozesse","category-strategie","category-veroffentlichungen","tag-innovation","tag-innovationsmethoden"],"_links":{"self":[{"href":"https:\/\/www.fue-blog.de\/index.php?rest_route=\/wp\/v2\/posts\/740","targetHints":{"allow":["GET"]}}],"collection":[{"href":"https:\/\/www.fue-blog.de\/index.php?rest_route=\/wp\/v2\/posts"}],"about":[{"href":"https:\/\/www.fue-blog.de\/index.php?rest_route=\/wp\/v2\/types\/post"}],"author":[{"embeddable":true,"href":"https:\/\/www.fue-blog.de\/index.php?rest_route=\/wp\/v2\/users\/4"}],"replies":[{"embeddable":true,"href":"https:\/\/www.fue-blog.de\/index.php?rest_route=%2Fwp%2Fv2%2Fcomments&post=740"}],"version-history":[{"count":29,"href":"https:\/\/www.fue-blog.de\/index.php?rest_route=\/wp\/v2\/posts\/740\/revisions"}],"predecessor-version":[{"id":1581,"href":"https:\/\/www.fue-blog.de\/index.php?rest_route=\/wp\/v2\/posts\/740\/revisions\/1581"}],"wp:attachment":[{"href":"https:\/\/www.fue-blog.de\/index.php?rest_route=%2Fwp%2Fv2%2Fmedia&parent=740"}],"wp:term":[{"taxonomy":"category","embeddable":true,"href":"https:\/\/www.fue-blog.de\/index.php?rest_route=%2Fwp%2Fv2%2Fcategories&post=740"},{"taxonomy":"post_tag","embeddable":true,"href":"https:\/\/www.fue-blog.de\/index.php?rest_route=%2Fwp%2Fv2%2Ftags&post=740"}],"curies":[{"name":"wp","href":"https:\/\/api.w.org\/{rel}","templated":true}]}}